{"id":126,"date":"2011-09-03T18:55:26","date_gmt":"2011-09-03T22:55:26","guid":{"rendered":"http:\/\/www.clinicadentalgaleno.cl\/es\/?p=126"},"modified":"2012-01-06T08:04:53","modified_gmt":"2012-01-06T11:04:53","slug":"productos-naturales-contra-la-caries-dental","status":"publish","type":"post","link":"https:\/\/www.clinicadentalgaleno.cl\/es\/2011\/09\/productos-naturales-contra-la-caries-dental\/","title":{"rendered":"Productos naturales contra la caries dental"},"content":{"rendered":"<p><strong><\/strong>De todos los trastornos, las caries dentales son uno de los m\u00e1s comunes. Pueden afectar a cualquier persona y son la causa m\u00e1s importante de p\u00e9rdida de los dientes en las personas m\u00e1s j\u00f3venes.<!--more--><\/p>\n<p><img loading=\"lazy\" decoding=\"async\" class=\"alignleft size-full wp-image-127\" style=\"margin-right: 8px;\" title=\"especialidades3\" src=\"https:\/\/www.clinicadentalgaleno.cl\/es\/wp-content\/uploads\/2011\/09\/especialidades31.jpg\" alt=\"\" width=\"251\" height=\"251\" srcset=\"https:\/\/www.clinicadentalgaleno.cl\/es\/wp-content\/uploads\/2011\/09\/especialidades31.jpg 251w, https:\/\/www.clinicadentalgaleno.cl\/es\/wp-content\/uploads\/2011\/09\/especialidades31-150x150.jpg 150w\" sizes=\"auto, (max-width: 251px) 100vw, 251px\" \/>Las bacterias bucales, el \u00e1cido, los restos de comida y la saliva se combinan en la boca para formar una sustancia pegajosa (placa) que se adhiere a todos los dientes, justo encima de la l\u00ednea de la enc\u00eda. La placa que no es eliminada se mineraliza y forma c\u00e1lculos. La placa y el c\u00e1lculo son irritantes de la enc\u00eda, produciendo gingivitis y en \u00faltimas periodontitis. Si la placa no se remueve por completo y en forma rutinaria, las caries florecen.<\/p>\n<p>Los \u00e1cidos de la placa disuelven la superficie del esmalte y crean orificios, los cuales no suelen producir dolor hasta que crecen y destruyen el nervio. Sin tratamiento, se puede producir un absceso, tambi\u00e9n puede destruir las estructuras internas del diente (pulpa) y finalmente causa la p\u00e9rdida de \u00e9ste.<br \/>\n<strong><br \/>\nProductos naturales contra la caries dental <\/strong><br \/>\nLa especificidad y rapidez de un principio activo de la Nuez moscada contra las bacterias cariog\u00e9nicas de la boca, sugieren que podr\u00eda ser empleado como agente contra la caries dental.<\/p>\n<p>En la \u00faltima edici\u00f3n de la revista Phytomedicine (volumen 13, #4, pp:261-266) se publican los resultados de un estudio realizado por J.Y. Cheng y sus colaboradores de la Yonsei University, Seoul, Korea, quienes evaluaron las propiedades anticariog\u00e9nicas de extractos de Nuez moscada ( Myristica fragrans) y sus compuestos .<\/p>\n<p>La aparici\u00f3n de caries dental se relaciona principalmente con bacterias bucales especialmente cariog\u00e9nicas, como el Streptococcus mutans . Estudios antibacterianos preliminares revelaron que los extractos de nuez moscada, especie vegetal ampliamente cultivada por su aroma y sabor, poseen fuerte actividad inhibidora contra el S. mutans.<br \/>\nEl compuesto anticariog\u00e9nico de la planta fue identificado como \u201cmacelignan\u201d.<\/p>\n<p>Las concentraciones m\u00ednimas que inhibieron el crecimiento de S. mutans fueron sumamente bajas, incluso menores que las de otras sustancias naturales anticariog\u00e9nicas como la sanguinarina, eucalyptol y mentol.<\/p>\n<p>Las pruebas demostraron que concentraciones tan bajas como 20\u00b5g\/ml de macelignan inactivaron completamente al S. mutans, en menos de un minuto.<\/p>\n<p>Los autores del estudio concluyen que la actividad espec\u00edfica y la rapidez de efectividad del macelignan contra las bacterias cariog\u00e9nicas de la boca, sugieren fuertemente que podr\u00eda ser empleado como agente antibacteriano natural en alimentos y productos de cuidado bucal.<\/p>\n<p><strong>\u00bfExiste una vacuna contra la caries? <\/strong><br \/>\nActualmente no existe una vacuna contra la caries. La dificultad de desarrollarla radica en:<\/p>\n<ul>\n<li>Las bacterias responsables en esta enfermedad son diversas<\/li>\n<li>La localizaci\u00f3n de la enfermedad en la cavidad oral<\/li>\n<\/ul>\n<p>A pesar de ello, un grupo de cient\u00edficos pertenecientes al Departamento de Inmunolog\u00eda del Guy&#8217;s Hospital, Londres, UK ha elaborado una vacuna contra la caries dental a partir de plantas de tabaco modificadas gen\u00e9ticamente . Los resultados obtenidos resultaron muy alentadores, lo que ha hecho suponer que el tratamiento podr\u00eda estar al alcance del p\u00fablico en unos pocos a\u00f1os.<\/p>\n<p>Seg\u00fan estos investigadores, para erradicar el problema basta con cubrir los dientes con la vacuna l\u00edquida que han elaborado. Unas pocas aplicaciones sirven para proteger contra la caries como m\u00ednimo durante 4 meses. Los componentes activos son anticuerpos que se adhieren a las bacterias de la caries, evitando que \u00e9stas permanezcan en los dientes. Mientras estos microbios da\u00f1inos van desapareciendo, otros inofensivos se instalan en los dientes impidiendo la presencia de otras posibles c\u00e9lulas de S. mutans.<\/p>\n<p>Este trabajo es el resultado de 25 a\u00f1os de esfuerzo. Al principio, el objetivo era producir una vacuna tradicional inyectable, pero los adelantos revolucionarios en biolog\u00eda molecular han permitido la producci\u00f3n de plantas de tabaco modificadas como \u00abf\u00e1bricas\u00bb que sintetizan grandes cantidades de una vacuna limpia y sana para el consumo oral. Ocho plantas peque\u00f1as o una grande bastan para producir un tratamiento completo. A partir de las plantaciones de tabaco, resultar\u00eda muy econ\u00f3mico producir la vacuna a gran escala.<\/p>\n<p>Adem\u00e1s de ser la primera mol\u00e9cula terap\u00e9utica eficaz en seres humanos elaborada a partir de plantas modificadas, es la primera vez que una vacuna secretora (en oposici\u00f3n a una sangu\u00ednea) se utiliza en pruebas con humanos. El profesor Tom Lehner, uno de los cient\u00edficos que dirigieron la investigaci\u00f3n, fue la primera persona que prob\u00f3 el l\u00edquido incoloro e ins\u00edpido varios a\u00f1os atr\u00e1s. Sus comentarios fueron los siguientes: \u00abEn primer lugar, se tiene que llevar a cabo un estudio de campo. Despu\u00e9s, podremos decidir si el propio paciente puede administrarse la vacuna. Personalmente preferir\u00eda que, mientras estudiamos m\u00e1s a fondo este tratamiento en los pr\u00f3ximos a\u00f1os, fuesen s\u00f3lo los dentistas los que lo aplicasen. Pasados unos a\u00f1os, podremos empezar a experimentar con la auto-aplicaci\u00f3n, utilizando pasta de dientes, enjuagues bucales o incluso comprimidos.\u00bb<\/p>\n<p>La Asociaci\u00f3n Dental Brit\u00e1nica aprob\u00f3 la noticia, pero a\u00f1adi\u00f3 un consejo: \u00abIncluso si la vacuna llegase a alcanzar un uso generalizado, los dentistas desear\u00edan que el p\u00fablico no dejase de lado las sencillas medidas de salud dental\u00bb. Se recomienda una buena higiene bucal y cepillarse los dientes regularmente con una pasta dent\u00edfrica que contenga fl\u00faor. Asimismo, ajustarse a un horario regular de comidas, as\u00ed como tratar de no comer entre horas, ayuda a proteger y mejorar la salud dental.<br \/>\n<strong><br \/>\nAz\u00facares que previenen las caries <\/strong><br \/>\nOtro producto completamente natural y seguro es el Xilytol, un edulcorante que puede sustituir al az\u00facar, que se extrae de un \u00e1rbol llamado abedul ( Betula pendula).<\/p>\n<p>Este az\u00facar no puede ser fermentado por las bacterias orales y reduce la incidencia de caries y la formaci\u00f3n de placa dental. Dado que no se fermenta, no permite que se produzca el \u00e1cido en la placa dental, lo cual ocurre normalmente despu\u00e9s de las comidas que contienen az\u00facares fermentables.<\/p>\n<p>Adem\u00e1s, estimula el flujo salival, lo cual neutraliza los \u00e1cidos producidos por otros carbohidratos fermentables, por lo tanto, neutraliza la acidez y promueve adem\u00e1s la remineralizaci\u00f3n dentaria.<\/p>\n<p>El Xylitol interfiere en el crecimiento de bacterias orales como el S. mutans, implicadas en la caries dental, no permitiendo as\u00ed el avance de la caries.<br \/>\nLa seguridad del xylitol se ha comprobado en los diferentes estudios cl\u00ednicos a largo plazo y es aceptado por diferentes entidades de salud en el mundo.<\/p>\n<p>El Xylitol es metabolizado independientemente de la insulina y por lo tanto es apto para el uso de diab\u00e9ticos.<\/p>\n<p>En particular, Xylitol es una manera segura y beneficiosa para estimulaci\u00f3n de la saliva para personas que sufren de boca seca.<\/p>\n<p>Las \u00faltimas investigaciones confirman que el Xylitol tiene efectos positivos tambi\u00e9n para los casos de c\u00e1ncer bucal. En Finlandia han comprobado que el Xylitol puede prevenir hasta en un 40% los casos de otitis en ni\u00f1os.<\/p>\n<p><strong><em>Fuente: Centro M\u00e9dico Docente Adapt\u00f3geno.<\/em><\/strong><\/p>\n","protected":false},"excerpt":{"rendered":"<p>De todos los trastornos, las caries dentales son uno de los m\u00e1s comunes. Pueden afectar a cualquier persona y son la causa m\u00e1s importante de p\u00e9rdida de los dientes en las personas m\u00e1s j\u00f3venes. (m\u00e1s&hellip;)<\/p>\n","protected":false},"author":1,"featured_media":783,"comment_status":"open","ping_status":"open","sticky":false,"template":"","format":"standard","meta":{"footnotes":""},"categories":[1],"tags":[19,6],"class_list":["post-126","post","type-post","status-publish","format-standard","has-post-thumbnail","hentry","category-noticias","tag-caries","tag-salud"],"yoast_head":"<!-- This site is optimized with the Yoast SEO plugin v28.3 - https:\/\/yoast.com\/product\/yoast-seo-wordpress\/ -->\n<title>Productos naturales contra la caries dental  - Clinica Dental Galeno<\/title>\n<meta name=\"robots\" content=\"index, follow, max-snippet:-1, max-image-preview:large, max-video-preview:-1\" \/>\n<link rel=\"canonical\" href=\"https:\/\/t01.clinicadentalgaleno.cl\/es\/2011\/09\/productos-naturales-contra-la-caries-dental\/\" \/>\n<meta property=\"og:locale\" content=\"es_ES\" \/>\n<meta property=\"og:type\" content=\"article\" \/>\n<meta property=\"og:title\" content=\"Productos naturales contra la caries dental  - Clinica Dental Galeno\" \/>\n<meta property=\"og:description\" content=\"De todos los trastornos, las caries dentales son uno de los m\u00e1s comunes. Pueden afectar a cualquier persona y son la causa m\u00e1s importante de p\u00e9rdida de los dientes en las personas m\u00e1s j\u00f3venes. (m\u00e1s&hellip;)\" \/>\n<meta property=\"og:url\" content=\"https:\/\/t01.clinicadentalgaleno.cl\/es\/2011\/09\/productos-naturales-contra-la-caries-dental\/\" \/>\n<meta property=\"og:site_name\" content=\"Clinica Dental Galeno\" \/>\n<meta property=\"article:publisher\" content=\"https:\/\/www.facebook.com\/people\/Clinica-Dental-Galeno\/100002867129267\/\" \/>\n<meta property=\"article:published_time\" content=\"2011-09-03T22:55:26+00:00\" \/>\n<meta property=\"article:modified_time\" content=\"2012-01-06T11:04:53+00:00\" \/>\n<meta property=\"og:image\" content=\"https:\/\/t01.clinicadentalgaleno.cl\/es\/wp-content\/uploads\/2011\/09\/especialidades31-1.jpg\" \/>\n\t<meta property=\"og:image:width\" content=\"251\" \/>\n\t<meta property=\"og:image:height\" content=\"251\" \/>\n\t<meta property=\"og:image:type\" content=\"image\/jpeg\" \/>\n<meta name=\"author\" content=\"webmaster\" \/>\n<meta name=\"twitter:label1\" content=\"Escrito por\" \/>\n\t<meta name=\"twitter:data1\" content=\"webmaster\" \/>\n<script type=\"application\/ld+json\" class=\"yoast-schema-graph\">{\"@context\":\"https:\\\/\\\/schema.org\",\"@graph\":[{\"@type\":\"Article\",\"@id\":\"https:\\\/\\\/t01.clinicadentalgaleno.cl\\\/es\\\/2011\\\/09\\\/productos-naturales-contra-la-caries-dental\\\/#article\",\"isPartOf\":{\"@id\":\"https:\\\/\\\/t01.clinicadentalgaleno.cl\\\/es\\\/2011\\\/09\\\/productos-naturales-contra-la-caries-dental\\\/\"},\"author\":{\"name\":\"webmaster\",\"@id\":\"https:\\\/\\\/t01.clinicadentalgaleno.cl\\\/es\\\/#\\\/schema\\\/person\\\/48f6e4398583d5b29888789e8cd099cc\"},\"headline\":\"Productos naturales contra la caries dental\",\"datePublished\":\"2011-09-03T22:55:26+00:00\",\"dateModified\":\"2012-01-06T11:04:53+00:00\",\"mainEntityOfPage\":{\"@id\":\"https:\\\/\\\/t01.clinicadentalgaleno.cl\\\/es\\\/2011\\\/09\\\/productos-naturales-contra-la-caries-dental\\\/\"},\"wordCount\":1184,\"commentCount\":1,\"publisher\":{\"@id\":\"https:\\\/\\\/t01.clinicadentalgaleno.cl\\\/es\\\/#organization\"},\"image\":{\"@id\":\"https:\\\/\\\/t01.clinicadentalgaleno.cl\\\/es\\\/2011\\\/09\\\/productos-naturales-contra-la-caries-dental\\\/#primaryimage\"},\"thumbnailUrl\":\"https:\\\/\\\/www.clinicadentalgaleno.cl\\\/es\\\/wp-content\\\/uploads\\\/2011\\\/09\\\/especialidades31-1.jpg\",\"keywords\":[\"caries\",\"Salud\"],\"articleSection\":[\"Noticias\"],\"inLanguage\":\"es\",\"potentialAction\":[{\"@type\":\"CommentAction\",\"name\":\"Comment\",\"target\":[\"https:\\\/\\\/t01.clinicadentalgaleno.cl\\\/es\\\/2011\\\/09\\\/productos-naturales-contra-la-caries-dental\\\/#respond\"]}]},{\"@type\":\"WebPage\",\"@id\":\"https:\\\/\\\/t01.clinicadentalgaleno.cl\\\/es\\\/2011\\\/09\\\/productos-naturales-contra-la-caries-dental\\\/\",\"url\":\"https:\\\/\\\/t01.clinicadentalgaleno.cl\\\/es\\\/2011\\\/09\\\/productos-naturales-contra-la-caries-dental\\\/\",\"name\":\"Productos naturales contra la caries dental - Clinica Dental Galeno\",\"isPartOf\":{\"@id\":\"https:\\\/\\\/t01.clinicadentalgaleno.cl\\\/es\\\/#website\"},\"primaryImageOfPage\":{\"@id\":\"https:\\\/\\\/t01.clinicadentalgaleno.cl\\\/es\\\/2011\\\/09\\\/productos-naturales-contra-la-caries-dental\\\/#primaryimage\"},\"image\":{\"@id\":\"https:\\\/\\\/t01.clinicadentalgaleno.cl\\\/es\\\/2011\\\/09\\\/productos-naturales-contra-la-caries-dental\\\/#primaryimage\"},\"thumbnailUrl\":\"https:\\\/\\\/www.clinicadentalgaleno.cl\\\/es\\\/wp-content\\\/uploads\\\/2011\\\/09\\\/especialidades31-1.jpg\",\"datePublished\":\"2011-09-03T22:55:26+00:00\",\"dateModified\":\"2012-01-06T11:04:53+00:00\",\"breadcrumb\":{\"@id\":\"https:\\\/\\\/t01.clinicadentalgaleno.cl\\\/es\\\/2011\\\/09\\\/productos-naturales-contra-la-caries-dental\\\/#breadcrumb\"},\"inLanguage\":\"es\",\"potentialAction\":[{\"@type\":\"ReadAction\",\"target\":[\"https:\\\/\\\/t01.clinicadentalgaleno.cl\\\/es\\\/2011\\\/09\\\/productos-naturales-contra-la-caries-dental\\\/\"]}]},{\"@type\":\"ImageObject\",\"inLanguage\":\"es\",\"@id\":\"https:\\\/\\\/t01.clinicadentalgaleno.cl\\\/es\\\/2011\\\/09\\\/productos-naturales-contra-la-caries-dental\\\/#primaryimage\",\"url\":\"https:\\\/\\\/www.clinicadentalgaleno.cl\\\/es\\\/wp-content\\\/uploads\\\/2011\\\/09\\\/especialidades31-1.jpg\",\"contentUrl\":\"https:\\\/\\\/www.clinicadentalgaleno.cl\\\/es\\\/wp-content\\\/uploads\\\/2011\\\/09\\\/especialidades31-1.jpg\",\"width\":251,\"height\":251},{\"@type\":\"BreadcrumbList\",\"@id\":\"https:\\\/\\\/t01.clinicadentalgaleno.cl\\\/es\\\/2011\\\/09\\\/productos-naturales-contra-la-caries-dental\\\/#breadcrumb\",\"itemListElement\":[{\"@type\":\"ListItem\",\"position\":1,\"name\":\"Portada\",\"item\":\"https:\\\/\\\/t01.clinicadentalgaleno.cl\\\/es\\\/\"},{\"@type\":\"ListItem\",\"position\":2,\"name\":\"Productos naturales contra la caries dental\"}]},{\"@type\":\"WebSite\",\"@id\":\"https:\\\/\\\/t01.clinicadentalgaleno.cl\\\/es\\\/#website\",\"url\":\"https:\\\/\\\/t01.clinicadentalgaleno.cl\\\/es\\\/\",\"name\":\"Clinica Dental Galeno\",\"description\":\"Dentista\",\"publisher\":{\"@id\":\"https:\\\/\\\/t01.clinicadentalgaleno.cl\\\/es\\\/#organization\"},\"potentialAction\":[{\"@type\":\"SearchAction\",\"target\":{\"@type\":\"EntryPoint\",\"urlTemplate\":\"https:\\\/\\\/t01.clinicadentalgaleno.cl\\\/es\\\/?s={search_term_string}\"},\"query-input\":{\"@type\":\"PropertyValueSpecification\",\"valueRequired\":true,\"valueName\":\"search_term_string\"}}],\"inLanguage\":\"es\"},{\"@type\":\"Organization\",\"@id\":\"https:\\\/\\\/t01.clinicadentalgaleno.cl\\\/es\\\/#organization\",\"name\":\"Clinica Dental Galeno\",\"url\":\"https:\\\/\\\/t01.clinicadentalgaleno.cl\\\/es\\\/\",\"logo\":{\"@type\":\"ImageObject\",\"inLanguage\":\"es\",\"@id\":\"https:\\\/\\\/t01.clinicadentalgaleno.cl\\\/es\\\/#\\\/schema\\\/logo\\\/image\\\/\",\"url\":\"https:\\\/\\\/www.clinicadentalgaleno.cl\\\/es\\\/wp-content\\\/uploads\\\/2015\\\/01\\\/CLINICADENTAL_GALENO.jpg\",\"contentUrl\":\"https:\\\/\\\/www.clinicadentalgaleno.cl\\\/es\\\/wp-content\\\/uploads\\\/2015\\\/01\\\/CLINICADENTAL_GALENO.jpg\",\"width\":1,\"height\":1,\"caption\":\"Clinica Dental Galeno\"},\"image\":{\"@id\":\"https:\\\/\\\/t01.clinicadentalgaleno.cl\\\/es\\\/#\\\/schema\\\/logo\\\/image\\\/\"},\"sameAs\":[\"https:\\\/\\\/www.facebook.com\\\/people\\\/Clinica-Dental-Galeno\\\/100002867129267\\\/\"]},{\"@type\":\"Person\",\"@id\":\"https:\\\/\\\/t01.clinicadentalgaleno.cl\\\/es\\\/#\\\/schema\\\/person\\\/48f6e4398583d5b29888789e8cd099cc\",\"name\":\"webmaster\",\"image\":{\"@type\":\"ImageObject\",\"inLanguage\":\"es\",\"@id\":\"https:\\\/\\\/secure.gravatar.com\\\/avatar\\\/8273c473b641bdbd7033d46b3d7e99a51fec1c3190b478d2d85b458617bb5adf?s=96&d=mm&r=g\",\"url\":\"https:\\\/\\\/secure.gravatar.com\\\/avatar\\\/8273c473b641bdbd7033d46b3d7e99a51fec1c3190b478d2d85b458617bb5adf?s=96&d=mm&r=g\",\"contentUrl\":\"https:\\\/\\\/secure.gravatar.com\\\/avatar\\\/8273c473b641bdbd7033d46b3d7e99a51fec1c3190b478d2d85b458617bb5adf?s=96&d=mm&r=g\",\"caption\":\"webmaster\"},\"url\":\"https:\\\/\\\/www.clinicadentalgaleno.cl\\\/es\\\/author\\\/webmaster\\\/\"}]}<\/script>\n<!-- \/ Yoast SEO plugin. -->","yoast_head_json":{"title":"Productos naturales contra la caries dental  - Clinica Dental Galeno","robots":{"index":"index","follow":"follow","max-snippet":"max-snippet:-1","max-image-preview":"max-image-preview:large","max-video-preview":"max-video-preview:-1"},"canonical":"https:\/\/t01.clinicadentalgaleno.cl\/es\/2011\/09\/productos-naturales-contra-la-caries-dental\/","og_locale":"es_ES","og_type":"article","og_title":"Productos naturales contra la caries dental  - Clinica Dental Galeno","og_description":"De todos los trastornos, las caries dentales son uno de los m\u00e1s comunes. Pueden afectar a cualquier persona y son la causa m\u00e1s importante de p\u00e9rdida de los dientes en las personas m\u00e1s j\u00f3venes. (m\u00e1s&hellip;)","og_url":"https:\/\/t01.clinicadentalgaleno.cl\/es\/2011\/09\/productos-naturales-contra-la-caries-dental\/","og_site_name":"Clinica Dental Galeno","article_publisher":"https:\/\/www.facebook.com\/people\/Clinica-Dental-Galeno\/100002867129267\/","article_published_time":"2011-09-03T22:55:26+00:00","article_modified_time":"2012-01-06T11:04:53+00:00","og_image":[{"width":251,"height":251,"url":"https:\/\/t01.clinicadentalgaleno.cl\/es\/wp-content\/uploads\/2011\/09\/especialidades31-1.jpg","type":"image\/jpeg"}],"author":"webmaster","twitter_misc":{"Escrito por":"webmaster"},"schema":{"@context":"https:\/\/schema.org","@graph":[{"@type":"Article","@id":"https:\/\/t01.clinicadentalgaleno.cl\/es\/2011\/09\/productos-naturales-contra-la-caries-dental\/#article","isPartOf":{"@id":"https:\/\/t01.clinicadentalgaleno.cl\/es\/2011\/09\/productos-naturales-contra-la-caries-dental\/"},"author":{"name":"webmaster","@id":"https:\/\/t01.clinicadentalgaleno.cl\/es\/#\/schema\/person\/48f6e4398583d5b29888789e8cd099cc"},"headline":"Productos naturales contra la caries dental","datePublished":"2011-09-03T22:55:26+00:00","dateModified":"2012-01-06T11:04:53+00:00","mainEntityOfPage":{"@id":"https:\/\/t01.clinicadentalgaleno.cl\/es\/2011\/09\/productos-naturales-contra-la-caries-dental\/"},"wordCount":1184,"commentCount":1,"publisher":{"@id":"https:\/\/t01.clinicadentalgaleno.cl\/es\/#organization"},"image":{"@id":"https:\/\/t01.clinicadentalgaleno.cl\/es\/2011\/09\/productos-naturales-contra-la-caries-dental\/#primaryimage"},"thumbnailUrl":"https:\/\/www.clinicadentalgaleno.cl\/es\/wp-content\/uploads\/2011\/09\/especialidades31-1.jpg","keywords":["caries","Salud"],"articleSection":["Noticias"],"inLanguage":"es","potentialAction":[{"@type":"CommentAction","name":"Comment","target":["https:\/\/t01.clinicadentalgaleno.cl\/es\/2011\/09\/productos-naturales-contra-la-caries-dental\/#respond"]}]},{"@type":"WebPage","@id":"https:\/\/t01.clinicadentalgaleno.cl\/es\/2011\/09\/productos-naturales-contra-la-caries-dental\/","url":"https:\/\/t01.clinicadentalgaleno.cl\/es\/2011\/09\/productos-naturales-contra-la-caries-dental\/","name":"Productos naturales contra la caries dental - Clinica Dental Galeno","isPartOf":{"@id":"https:\/\/t01.clinicadentalgaleno.cl\/es\/#website"},"primaryImageOfPage":{"@id":"https:\/\/t01.clinicadentalgaleno.cl\/es\/2011\/09\/productos-naturales-contra-la-caries-dental\/#primaryimage"},"image":{"@id":"https:\/\/t01.clinicadentalgaleno.cl\/es\/2011\/09\/productos-naturales-contra-la-caries-dental\/#primaryimage"},"thumbnailUrl":"https:\/\/www.clinicadentalgaleno.cl\/es\/wp-content\/uploads\/2011\/09\/especialidades31-1.jpg","datePublished":"2011-09-03T22:55:26+00:00","dateModified":"2012-01-06T11:04:53+00:00","breadcrumb":{"@id":"https:\/\/t01.clinicadentalgaleno.cl\/es\/2011\/09\/productos-naturales-contra-la-caries-dental\/#breadcrumb"},"inLanguage":"es","potentialAction":[{"@type":"ReadAction","target":["https:\/\/t01.clinicadentalgaleno.cl\/es\/2011\/09\/productos-naturales-contra-la-caries-dental\/"]}]},{"@type":"ImageObject","inLanguage":"es","@id":"https:\/\/t01.clinicadentalgaleno.cl\/es\/2011\/09\/productos-naturales-contra-la-caries-dental\/#primaryimage","url":"https:\/\/www.clinicadentalgaleno.cl\/es\/wp-content\/uploads\/2011\/09\/especialidades31-1.jpg","contentUrl":"https:\/\/www.clinicadentalgaleno.cl\/es\/wp-content\/uploads\/2011\/09\/especialidades31-1.jpg","width":251,"height":251},{"@type":"BreadcrumbList","@id":"https:\/\/t01.clinicadentalgaleno.cl\/es\/2011\/09\/productos-naturales-contra-la-caries-dental\/#breadcrumb","itemListElement":[{"@type":"ListItem","position":1,"name":"Portada","item":"https:\/\/t01.clinicadentalgaleno.cl\/es\/"},{"@type":"ListItem","position":2,"name":"Productos naturales contra la caries dental"}]},{"@type":"WebSite","@id":"https:\/\/t01.clinicadentalgaleno.cl\/es\/#website","url":"https:\/\/t01.clinicadentalgaleno.cl\/es\/","name":"Clinica Dental Galeno","description":"Dentista","publisher":{"@id":"https:\/\/t01.clinicadentalgaleno.cl\/es\/#organization"},"potentialAction":[{"@type":"SearchAction","target":{"@type":"EntryPoint","urlTemplate":"https:\/\/t01.clinicadentalgaleno.cl\/es\/?s={search_term_string}"},"query-input":{"@type":"PropertyValueSpecification","valueRequired":true,"valueName":"search_term_string"}}],"inLanguage":"es"},{"@type":"Organization","@id":"https:\/\/t01.clinicadentalgaleno.cl\/es\/#organization","name":"Clinica Dental Galeno","url":"https:\/\/t01.clinicadentalgaleno.cl\/es\/","logo":{"@type":"ImageObject","inLanguage":"es","@id":"https:\/\/t01.clinicadentalgaleno.cl\/es\/#\/schema\/logo\/image\/","url":"https:\/\/www.clinicadentalgaleno.cl\/es\/wp-content\/uploads\/2015\/01\/CLINICADENTAL_GALENO.jpg","contentUrl":"https:\/\/www.clinicadentalgaleno.cl\/es\/wp-content\/uploads\/2015\/01\/CLINICADENTAL_GALENO.jpg","width":1,"height":1,"caption":"Clinica Dental Galeno"},"image":{"@id":"https:\/\/t01.clinicadentalgaleno.cl\/es\/#\/schema\/logo\/image\/"},"sameAs":["https:\/\/www.facebook.com\/people\/Clinica-Dental-Galeno\/100002867129267\/"]},{"@type":"Person","@id":"https:\/\/t01.clinicadentalgaleno.cl\/es\/#\/schema\/person\/48f6e4398583d5b29888789e8cd099cc","name":"webmaster","image":{"@type":"ImageObject","inLanguage":"es","@id":"https:\/\/secure.gravatar.com\/avatar\/8273c473b641bdbd7033d46b3d7e99a51fec1c3190b478d2d85b458617bb5adf?s=96&d=mm&r=g","url":"https:\/\/secure.gravatar.com\/avatar\/8273c473b641bdbd7033d46b3d7e99a51fec1c3190b478d2d85b458617bb5adf?s=96&d=mm&r=g","contentUrl":"https:\/\/secure.gravatar.com\/avatar\/8273c473b641bdbd7033d46b3d7e99a51fec1c3190b478d2d85b458617bb5adf?s=96&d=mm&r=g","caption":"webmaster"},"url":"https:\/\/www.clinicadentalgaleno.cl\/es\/author\/webmaster\/"}]}},"_links":{"self":[{"href":"https:\/\/www.clinicadentalgaleno.cl\/es\/wp-json\/wp\/v2\/posts\/126","targetHints":{"allow":["GET"]}}],"collection":[{"href":"https:\/\/www.clinicadentalgaleno.cl\/es\/wp-json\/wp\/v2\/posts"}],"about":[{"href":"https:\/\/www.clinicadentalgaleno.cl\/es\/wp-json\/wp\/v2\/types\/post"}],"author":[{"embeddable":true,"href":"https:\/\/www.clinicadentalgaleno.cl\/es\/wp-json\/wp\/v2\/users\/1"}],"replies":[{"embeddable":true,"href":"https:\/\/www.clinicadentalgaleno.cl\/es\/wp-json\/wp\/v2\/comments?post=126"}],"version-history":[{"count":2,"href":"https:\/\/www.clinicadentalgaleno.cl\/es\/wp-json\/wp\/v2\/posts\/126\/revisions"}],"predecessor-version":[{"id":449,"href":"https:\/\/www.clinicadentalgaleno.cl\/es\/wp-json\/wp\/v2\/posts\/126\/revisions\/449"}],"wp:featuredmedia":[{"embeddable":true,"href":"https:\/\/www.clinicadentalgaleno.cl\/es\/wp-json\/wp\/v2\/media\/783"}],"wp:attachment":[{"href":"https:\/\/www.clinicadentalgaleno.cl\/es\/wp-json\/wp\/v2\/media?parent=126"}],"wp:term":[{"taxonomy":"category","embeddable":true,"href":"https:\/\/www.clinicadentalgaleno.cl\/es\/wp-json\/wp\/v2\/categories?post=126"},{"taxonomy":"post_tag","embeddable":true,"href":"https:\/\/www.clinicadentalgaleno.cl\/es\/wp-json\/wp\/v2\/tags?post=126"}],"curies":[{"name":"wp","href":"https:\/\/api.w.org\/{rel}","templated":true}]}}