{"id":132,"date":"2011-09-03T19:01:42","date_gmt":"2011-09-03T23:01:42","guid":{"rendered":"http:\/\/www.clinicadentalgaleno.cl\/es\/?p=132"},"modified":"2011-09-04T17:40:24","modified_gmt":"2011-09-04T21:40:24","slug":"cinco-cambios-geneticos-aumentan-el-riesgo-de-cancer-oral","status":"publish","type":"post","link":"https:\/\/www.clinicadentalgaleno.cl\/es\/2011\/09\/cinco-cambios-geneticos-aumentan-el-riesgo-de-cancer-oral\/","title":{"rendered":"Cinco cambios gen\u00e9ticos aumentan el riesgo de c\u00e1ncer oral"},"content":{"rendered":"<p><strong><\/strong><strong>Varias alteraciones gen\u00e9ticas que predisponen al desarrollo de tumores de cabeza y cuello en fumadores han sido identificadas en un estudio que se publica en The Journal of the American Medical Association.<\/strong><!--more--><\/p>\n<div id=\"attachment_133\" style=\"width: 202px\" class=\"wp-caption alignleft\"><img loading=\"lazy\" decoding=\"async\" aria-describedby=\"caption-attachment-133\" class=\"size-full wp-image-133\" title=\"cigarrillo\" src=\"https:\/\/www.clinicadentalgaleno.cl\/es\/wp-content\/uploads\/2011\/09\/cigarrillo.jpg\" alt=\"\" width=\"192\" height=\"240\" \/><p id=\"caption-attachment-133\" class=\"wp-caption-text\">Cigarrillo<\/p><\/div>\n<p>El trabajo ha buscado las alteraciones gen\u00e9ticas que caracterizan el estroma del carcinoma de c\u00e9lulas escamosas de cabeza y cuello.<\/p>\n<p>Para ello, el equipo de Charis Eng, del Instituto de Medicina Gen\u00f3mica de la Fundaci\u00f3n Cl\u00ednica de Cleveland (Ohio), trabaj\u00f3 con 122 muestras de epitelio tumoral y del estroma que lo rodea de pacientes con tumores de c\u00e9lulas escamosas de la cavidad oral, orofar\u00edngeos o hipofar\u00edngeos y las someti\u00f3 a un an\u00e1lisis gen\u00f3mico completo.<\/p>\n<p><strong>Cinco cambios<br \/>\n<\/strong><br \/>\nEl estroma asociado al tumor de los pacientes fumadores ten\u00eda un mayor n\u00famero de alteraciones gen\u00e9ticas. La agresividad del c\u00e1ncer se correlacionaba con un grupo de 5 loci espec\u00edficos.<\/p>\n<p>Tres de estos loci se asociaban al tama\u00f1o del tumor y a las met\u00e1stasis en ganglios regionales. Las otras dos alteraciones gen\u00f3micas se correlacionaban positivamente con las met\u00e1stasis ganglionares y el estadio cl\u00ednico.<\/p>\n<div id=\"attachment_134\" style=\"width: 310px\" class=\"wp-caption alignleft\"><img loading=\"lazy\" decoding=\"async\" aria-describedby=\"caption-attachment-134\" class=\"size-medium wp-image-134\" title=\"cigarrillo2\" src=\"https:\/\/www.clinicadentalgaleno.cl\/es\/wp-content\/uploads\/2011\/09\/cigarrillo2-300x207.jpg\" alt=\"\" width=\"300\" height=\"207\" srcset=\"https:\/\/www.clinicadentalgaleno.cl\/es\/wp-content\/uploads\/2011\/09\/cigarrillo2-300x207.jpg 300w, https:\/\/www.clinicadentalgaleno.cl\/es\/wp-content\/uploads\/2011\/09\/cigarrillo2.jpg 400w\" sizes=\"(max-width: 300px) 100vw, 300px\" \/><p id=\"caption-attachment-134\" class=\"wp-caption-text\">Publicidad<\/p><\/div>\n<p>Para los autores, estas alteraciones gen\u00e9ticas espec\u00edficas del estroma se asocian con la g\u00e9nesis del carcinoma de c\u00e9lulas escamosas de cabeza y cuello desencadenado por el consumo de tabaco.<\/p>\n<p>La identificaci\u00f3n de estas peculiaridades gen\u00f3micas orienta sobre en qu\u00e9 regiones hay que buscar genes concretos en estudios mecanicistas y funcionales. No obstante, las alteraciones identificadas tambi\u00e9n pueden utilizarse como biomarcadores para predecir la evoluci\u00f3n cl\u00ednica y como futuras dianas terap\u00e9uticas o para la prevenci\u00f3n de este tumor.<\/p>\n<p>&nbsp;<\/p>\n<p><em>Publicado en el sitio: 18\/4\/07<\/em><\/p>\n","protected":false},"excerpt":{"rendered":"<p>Varias alteraciones gen\u00e9ticas que predisponen al desarrollo de tumores de cabeza y cuello en fumadores han sido identificadas en un estudio que se publica en The Journal of the American Medical Association. (m\u00e1s&hellip;)<\/p>\n","protected":false},"author":1,"featured_media":781,"comment_status":"open","ping_status":"open","sticky":false,"template":"","format":"standard","meta":{"footnotes":""},"categories":[1],"tags":[22,23,6,24],"yoast_head":"<!-- This site is optimized with the Yoast SEO plugin v23.5 - https:\/\/yoast.com\/wordpress\/plugins\/seo\/ -->\n<title>Cinco cambios gen\u00e9ticos aumentan el riesgo de c\u00e1ncer oral - Clinica Dental Galeno<\/title>\n<meta name=\"robots\" content=\"index, follow, max-snippet:-1, max-image-preview:large, max-video-preview:-1\" \/>\n<link rel=\"canonical\" href=\"https:\/\/t01.clinicadentalgaleno.cl\/es\/2011\/09\/cinco-cambios-geneticos-aumentan-el-riesgo-de-cancer-oral\/\" \/>\n<meta property=\"og:locale\" content=\"es_ES\" \/>\n<meta property=\"og:type\" content=\"article\" \/>\n<meta property=\"og:title\" content=\"Cinco cambios gen\u00e9ticos aumentan el riesgo de c\u00e1ncer oral - Clinica Dental Galeno\" \/>\n<meta property=\"og:description\" content=\"Varias alteraciones gen\u00e9ticas que predisponen al desarrollo de tumores de cabeza y cuello en fumadores han sido identificadas en un estudio que se publica en The Journal of the American Medical Association. (m\u00e1s&hellip;)\" \/>\n<meta property=\"og:url\" content=\"https:\/\/t01.clinicadentalgaleno.cl\/es\/2011\/09\/cinco-cambios-geneticos-aumentan-el-riesgo-de-cancer-oral\/\" \/>\n<meta property=\"og:site_name\" content=\"Clinica Dental Galeno\" \/>\n<meta property=\"article:publisher\" content=\"https:\/\/www.facebook.com\/people\/Clinica-Dental-Galeno\/100002867129267\/\" \/>\n<meta property=\"article:published_time\" content=\"2011-09-03T23:01:42+00:00\" \/>\n<meta property=\"article:modified_time\" content=\"2011-09-04T21:40:24+00:00\" \/>\n<meta property=\"og:image\" content=\"https:\/\/t01.clinicadentalgaleno.cl\/es\/wp-content\/uploads\/2011\/09\/cigarrillo2-300x207-1.jpg\" \/>\n\t<meta property=\"og:image:width\" content=\"300\" \/>\n\t<meta property=\"og:image:height\" content=\"207\" \/>\n\t<meta property=\"og:image:type\" content=\"image\/jpeg\" \/>\n<meta name=\"author\" content=\"webmaster\" \/>\n<meta name=\"twitter:label1\" content=\"Escrito por\" \/>\n\t<meta name=\"twitter:data1\" content=\"webmaster\" \/>\n<script type=\"application\/ld+json\" class=\"yoast-schema-graph\">{\"@context\":\"https:\/\/schema.org\",\"@graph\":[{\"@type\":\"Article\",\"@id\":\"https:\/\/t01.clinicadentalgaleno.cl\/es\/2011\/09\/cinco-cambios-geneticos-aumentan-el-riesgo-de-cancer-oral\/#article\",\"isPartOf\":{\"@id\":\"https:\/\/t01.clinicadentalgaleno.cl\/es\/2011\/09\/cinco-cambios-geneticos-aumentan-el-riesgo-de-cancer-oral\/\"},\"author\":{\"name\":\"webmaster\",\"@id\":\"https:\/\/t01.clinicadentalgaleno.cl\/es\/#\/schema\/person\/48f6e4398583d5b29888789e8cd099cc\"},\"headline\":\"Cinco cambios gen\u00e9ticos aumentan el riesgo de c\u00e1ncer oral\",\"datePublished\":\"2011-09-03T23:01:42+00:00\",\"dateModified\":\"2011-09-04T21:40:24+00:00\",\"mainEntityOfPage\":{\"@id\":\"https:\/\/t01.clinicadentalgaleno.cl\/es\/2011\/09\/cinco-cambios-geneticos-aumentan-el-riesgo-de-cancer-oral\/\"},\"wordCount\":311,\"commentCount\":0,\"publisher\":{\"@id\":\"https:\/\/t01.clinicadentalgaleno.cl\/es\/#organization\"},\"image\":{\"@id\":\"https:\/\/t01.clinicadentalgaleno.cl\/es\/2011\/09\/cinco-cambios-geneticos-aumentan-el-riesgo-de-cancer-oral\/#primaryimage\"},\"thumbnailUrl\":\"https:\/\/www.clinicadentalgaleno.cl\/es\/wp-content\/uploads\/2011\/09\/cigarrillo2-300x207-1.jpg\",\"keywords\":[\"Cancer\",\"Fumadores\",\"Salud\",\"Tabaco\"],\"articleSection\":[\"Noticias\"],\"inLanguage\":\"es\",\"potentialAction\":[{\"@type\":\"CommentAction\",\"name\":\"Comment\",\"target\":[\"https:\/\/t01.clinicadentalgaleno.cl\/es\/2011\/09\/cinco-cambios-geneticos-aumentan-el-riesgo-de-cancer-oral\/#respond\"]}]},{\"@type\":\"WebPage\",\"@id\":\"https:\/\/t01.clinicadentalgaleno.cl\/es\/2011\/09\/cinco-cambios-geneticos-aumentan-el-riesgo-de-cancer-oral\/\",\"url\":\"https:\/\/t01.clinicadentalgaleno.cl\/es\/2011\/09\/cinco-cambios-geneticos-aumentan-el-riesgo-de-cancer-oral\/\",\"name\":\"Cinco cambios gen\u00e9ticos aumentan el riesgo de c\u00e1ncer oral - Clinica Dental Galeno\",\"isPartOf\":{\"@id\":\"https:\/\/t01.clinicadentalgaleno.cl\/es\/#website\"},\"primaryImageOfPage\":{\"@id\":\"https:\/\/t01.clinicadentalgaleno.cl\/es\/2011\/09\/cinco-cambios-geneticos-aumentan-el-riesgo-de-cancer-oral\/#primaryimage\"},\"image\":{\"@id\":\"https:\/\/t01.clinicadentalgaleno.cl\/es\/2011\/09\/cinco-cambios-geneticos-aumentan-el-riesgo-de-cancer-oral\/#primaryimage\"},\"thumbnailUrl\":\"https:\/\/www.clinicadentalgaleno.cl\/es\/wp-content\/uploads\/2011\/09\/cigarrillo2-300x207-1.jpg\",\"datePublished\":\"2011-09-03T23:01:42+00:00\",\"dateModified\":\"2011-09-04T21:40:24+00:00\",\"breadcrumb\":{\"@id\":\"https:\/\/t01.clinicadentalgaleno.cl\/es\/2011\/09\/cinco-cambios-geneticos-aumentan-el-riesgo-de-cancer-oral\/#breadcrumb\"},\"inLanguage\":\"es\",\"potentialAction\":[{\"@type\":\"ReadAction\",\"target\":[\"https:\/\/t01.clinicadentalgaleno.cl\/es\/2011\/09\/cinco-cambios-geneticos-aumentan-el-riesgo-de-cancer-oral\/\"]}]},{\"@type\":\"ImageObject\",\"inLanguage\":\"es\",\"@id\":\"https:\/\/t01.clinicadentalgaleno.cl\/es\/2011\/09\/cinco-cambios-geneticos-aumentan-el-riesgo-de-cancer-oral\/#primaryimage\",\"url\":\"https:\/\/www.clinicadentalgaleno.cl\/es\/wp-content\/uploads\/2011\/09\/cigarrillo2-300x207-1.jpg\",\"contentUrl\":\"https:\/\/www.clinicadentalgaleno.cl\/es\/wp-content\/uploads\/2011\/09\/cigarrillo2-300x207-1.jpg\",\"width\":300,\"height\":207},{\"@type\":\"BreadcrumbList\",\"@id\":\"https:\/\/t01.clinicadentalgaleno.cl\/es\/2011\/09\/cinco-cambios-geneticos-aumentan-el-riesgo-de-cancer-oral\/#breadcrumb\",\"itemListElement\":[{\"@type\":\"ListItem\",\"position\":1,\"name\":\"Portada\",\"item\":\"https:\/\/t01.clinicadentalgaleno.cl\/es\/\"},{\"@type\":\"ListItem\",\"position\":2,\"name\":\"Cinco cambios gen\u00e9ticos aumentan el riesgo de c\u00e1ncer oral\"}]},{\"@type\":\"WebSite\",\"@id\":\"https:\/\/t01.clinicadentalgaleno.cl\/es\/#website\",\"url\":\"https:\/\/t01.clinicadentalgaleno.cl\/es\/\",\"name\":\"Clinica Dental Galeno\",\"description\":\"Dentista\",\"publisher\":{\"@id\":\"https:\/\/t01.clinicadentalgaleno.cl\/es\/#organization\"},\"potentialAction\":[{\"@type\":\"SearchAction\",\"target\":{\"@type\":\"EntryPoint\",\"urlTemplate\":\"https:\/\/t01.clinicadentalgaleno.cl\/es\/?s={search_term_string}\"},\"query-input\":{\"@type\":\"PropertyValueSpecification\",\"valueRequired\":true,\"valueName\":\"search_term_string\"}}],\"inLanguage\":\"es\"},{\"@type\":\"Organization\",\"@id\":\"https:\/\/t01.clinicadentalgaleno.cl\/es\/#organization\",\"name\":\"Clinica Dental Galeno\",\"url\":\"https:\/\/t01.clinicadentalgaleno.cl\/es\/\",\"logo\":{\"@type\":\"ImageObject\",\"inLanguage\":\"es\",\"@id\":\"https:\/\/t01.clinicadentalgaleno.cl\/es\/#\/schema\/logo\/image\/\",\"url\":\"https:\/\/www.clinicadentalgaleno.cl\/es\/wp-content\/uploads\/2015\/01\/CLINICADENTAL_GALENO.jpg\",\"contentUrl\":\"https:\/\/www.clinicadentalgaleno.cl\/es\/wp-content\/uploads\/2015\/01\/CLINICADENTAL_GALENO.jpg\",\"width\":1,\"height\":1,\"caption\":\"Clinica Dental Galeno\"},\"image\":{\"@id\":\"https:\/\/t01.clinicadentalgaleno.cl\/es\/#\/schema\/logo\/image\/\"},\"sameAs\":[\"https:\/\/www.facebook.com\/people\/Clinica-Dental-Galeno\/100002867129267\/\"]},{\"@type\":\"Person\",\"@id\":\"https:\/\/t01.clinicadentalgaleno.cl\/es\/#\/schema\/person\/48f6e4398583d5b29888789e8cd099cc\",\"name\":\"webmaster\",\"image\":{\"@type\":\"ImageObject\",\"inLanguage\":\"es\",\"@id\":\"https:\/\/t01.clinicadentalgaleno.cl\/es\/#\/schema\/person\/image\/\",\"url\":\"https:\/\/secure.gravatar.com\/avatar\/ed0db78a69cc7ec64570e8b6c75bb503?s=96&d=mm&r=g\",\"contentUrl\":\"https:\/\/secure.gravatar.com\/avatar\/ed0db78a69cc7ec64570e8b6c75bb503?s=96&d=mm&r=g\",\"caption\":\"webmaster\"},\"url\":\"https:\/\/www.clinicadentalgaleno.cl\/es\/author\/webmaster\/\"}]}<\/script>\n<!-- \/ Yoast SEO plugin. -->","yoast_head_json":{"title":"Cinco cambios gen\u00e9ticos aumentan el riesgo de c\u00e1ncer oral - Clinica Dental Galeno","robots":{"index":"index","follow":"follow","max-snippet":"max-snippet:-1","max-image-preview":"max-image-preview:large","max-video-preview":"max-video-preview:-1"},"canonical":"https:\/\/t01.clinicadentalgaleno.cl\/es\/2011\/09\/cinco-cambios-geneticos-aumentan-el-riesgo-de-cancer-oral\/","og_locale":"es_ES","og_type":"article","og_title":"Cinco cambios gen\u00e9ticos aumentan el riesgo de c\u00e1ncer oral - Clinica Dental Galeno","og_description":"Varias alteraciones gen\u00e9ticas que predisponen al desarrollo de tumores de cabeza y cuello en fumadores han sido identificadas en un estudio que se publica en The Journal of the American Medical Association. (m\u00e1s&hellip;)","og_url":"https:\/\/t01.clinicadentalgaleno.cl\/es\/2011\/09\/cinco-cambios-geneticos-aumentan-el-riesgo-de-cancer-oral\/","og_site_name":"Clinica Dental Galeno","article_publisher":"https:\/\/www.facebook.com\/people\/Clinica-Dental-Galeno\/100002867129267\/","article_published_time":"2011-09-03T23:01:42+00:00","article_modified_time":"2011-09-04T21:40:24+00:00","og_image":[{"width":300,"height":207,"url":"https:\/\/t01.clinicadentalgaleno.cl\/es\/wp-content\/uploads\/2011\/09\/cigarrillo2-300x207-1.jpg","type":"image\/jpeg"}],"author":"webmaster","twitter_misc":{"Escrito por":"webmaster"},"schema":{"@context":"https:\/\/schema.org","@graph":[{"@type":"Article","@id":"https:\/\/t01.clinicadentalgaleno.cl\/es\/2011\/09\/cinco-cambios-geneticos-aumentan-el-riesgo-de-cancer-oral\/#article","isPartOf":{"@id":"https:\/\/t01.clinicadentalgaleno.cl\/es\/2011\/09\/cinco-cambios-geneticos-aumentan-el-riesgo-de-cancer-oral\/"},"author":{"name":"webmaster","@id":"https:\/\/t01.clinicadentalgaleno.cl\/es\/#\/schema\/person\/48f6e4398583d5b29888789e8cd099cc"},"headline":"Cinco cambios gen\u00e9ticos aumentan el riesgo de c\u00e1ncer oral","datePublished":"2011-09-03T23:01:42+00:00","dateModified":"2011-09-04T21:40:24+00:00","mainEntityOfPage":{"@id":"https:\/\/t01.clinicadentalgaleno.cl\/es\/2011\/09\/cinco-cambios-geneticos-aumentan-el-riesgo-de-cancer-oral\/"},"wordCount":311,"commentCount":0,"publisher":{"@id":"https:\/\/t01.clinicadentalgaleno.cl\/es\/#organization"},"image":{"@id":"https:\/\/t01.clinicadentalgaleno.cl\/es\/2011\/09\/cinco-cambios-geneticos-aumentan-el-riesgo-de-cancer-oral\/#primaryimage"},"thumbnailUrl":"https:\/\/www.clinicadentalgaleno.cl\/es\/wp-content\/uploads\/2011\/09\/cigarrillo2-300x207-1.jpg","keywords":["Cancer","Fumadores","Salud","Tabaco"],"articleSection":["Noticias"],"inLanguage":"es","potentialAction":[{"@type":"CommentAction","name":"Comment","target":["https:\/\/t01.clinicadentalgaleno.cl\/es\/2011\/09\/cinco-cambios-geneticos-aumentan-el-riesgo-de-cancer-oral\/#respond"]}]},{"@type":"WebPage","@id":"https:\/\/t01.clinicadentalgaleno.cl\/es\/2011\/09\/cinco-cambios-geneticos-aumentan-el-riesgo-de-cancer-oral\/","url":"https:\/\/t01.clinicadentalgaleno.cl\/es\/2011\/09\/cinco-cambios-geneticos-aumentan-el-riesgo-de-cancer-oral\/","name":"Cinco cambios gen\u00e9ticos aumentan el riesgo de c\u00e1ncer oral - Clinica Dental Galeno","isPartOf":{"@id":"https:\/\/t01.clinicadentalgaleno.cl\/es\/#website"},"primaryImageOfPage":{"@id":"https:\/\/t01.clinicadentalgaleno.cl\/es\/2011\/09\/cinco-cambios-geneticos-aumentan-el-riesgo-de-cancer-oral\/#primaryimage"},"image":{"@id":"https:\/\/t01.clinicadentalgaleno.cl\/es\/2011\/09\/cinco-cambios-geneticos-aumentan-el-riesgo-de-cancer-oral\/#primaryimage"},"thumbnailUrl":"https:\/\/www.clinicadentalgaleno.cl\/es\/wp-content\/uploads\/2011\/09\/cigarrillo2-300x207-1.jpg","datePublished":"2011-09-03T23:01:42+00:00","dateModified":"2011-09-04T21:40:24+00:00","breadcrumb":{"@id":"https:\/\/t01.clinicadentalgaleno.cl\/es\/2011\/09\/cinco-cambios-geneticos-aumentan-el-riesgo-de-cancer-oral\/#breadcrumb"},"inLanguage":"es","potentialAction":[{"@type":"ReadAction","target":["https:\/\/t01.clinicadentalgaleno.cl\/es\/2011\/09\/cinco-cambios-geneticos-aumentan-el-riesgo-de-cancer-oral\/"]}]},{"@type":"ImageObject","inLanguage":"es","@id":"https:\/\/t01.clinicadentalgaleno.cl\/es\/2011\/09\/cinco-cambios-geneticos-aumentan-el-riesgo-de-cancer-oral\/#primaryimage","url":"https:\/\/www.clinicadentalgaleno.cl\/es\/wp-content\/uploads\/2011\/09\/cigarrillo2-300x207-1.jpg","contentUrl":"https:\/\/www.clinicadentalgaleno.cl\/es\/wp-content\/uploads\/2011\/09\/cigarrillo2-300x207-1.jpg","width":300,"height":207},{"@type":"BreadcrumbList","@id":"https:\/\/t01.clinicadentalgaleno.cl\/es\/2011\/09\/cinco-cambios-geneticos-aumentan-el-riesgo-de-cancer-oral\/#breadcrumb","itemListElement":[{"@type":"ListItem","position":1,"name":"Portada","item":"https:\/\/t01.clinicadentalgaleno.cl\/es\/"},{"@type":"ListItem","position":2,"name":"Cinco cambios gen\u00e9ticos aumentan el riesgo de c\u00e1ncer oral"}]},{"@type":"WebSite","@id":"https:\/\/t01.clinicadentalgaleno.cl\/es\/#website","url":"https:\/\/t01.clinicadentalgaleno.cl\/es\/","name":"Clinica Dental Galeno","description":"Dentista","publisher":{"@id":"https:\/\/t01.clinicadentalgaleno.cl\/es\/#organization"},"potentialAction":[{"@type":"SearchAction","target":{"@type":"EntryPoint","urlTemplate":"https:\/\/t01.clinicadentalgaleno.cl\/es\/?s={search_term_string}"},"query-input":{"@type":"PropertyValueSpecification","valueRequired":true,"valueName":"search_term_string"}}],"inLanguage":"es"},{"@type":"Organization","@id":"https:\/\/t01.clinicadentalgaleno.cl\/es\/#organization","name":"Clinica Dental Galeno","url":"https:\/\/t01.clinicadentalgaleno.cl\/es\/","logo":{"@type":"ImageObject","inLanguage":"es","@id":"https:\/\/t01.clinicadentalgaleno.cl\/es\/#\/schema\/logo\/image\/","url":"https:\/\/www.clinicadentalgaleno.cl\/es\/wp-content\/uploads\/2015\/01\/CLINICADENTAL_GALENO.jpg","contentUrl":"https:\/\/www.clinicadentalgaleno.cl\/es\/wp-content\/uploads\/2015\/01\/CLINICADENTAL_GALENO.jpg","width":1,"height":1,"caption":"Clinica Dental Galeno"},"image":{"@id":"https:\/\/t01.clinicadentalgaleno.cl\/es\/#\/schema\/logo\/image\/"},"sameAs":["https:\/\/www.facebook.com\/people\/Clinica-Dental-Galeno\/100002867129267\/"]},{"@type":"Person","@id":"https:\/\/t01.clinicadentalgaleno.cl\/es\/#\/schema\/person\/48f6e4398583d5b29888789e8cd099cc","name":"webmaster","image":{"@type":"ImageObject","inLanguage":"es","@id":"https:\/\/t01.clinicadentalgaleno.cl\/es\/#\/schema\/person\/image\/","url":"https:\/\/secure.gravatar.com\/avatar\/ed0db78a69cc7ec64570e8b6c75bb503?s=96&d=mm&r=g","contentUrl":"https:\/\/secure.gravatar.com\/avatar\/ed0db78a69cc7ec64570e8b6c75bb503?s=96&d=mm&r=g","caption":"webmaster"},"url":"https:\/\/www.clinicadentalgaleno.cl\/es\/author\/webmaster\/"}]}},"_links":{"self":[{"href":"https:\/\/www.clinicadentalgaleno.cl\/es\/wp-json\/wp\/v2\/posts\/132"}],"collection":[{"href":"https:\/\/www.clinicadentalgaleno.cl\/es\/wp-json\/wp\/v2\/posts"}],"about":[{"href":"https:\/\/www.clinicadentalgaleno.cl\/es\/wp-json\/wp\/v2\/types\/post"}],"author":[{"embeddable":true,"href":"https:\/\/www.clinicadentalgaleno.cl\/es\/wp-json\/wp\/v2\/users\/1"}],"replies":[{"embeddable":true,"href":"https:\/\/www.clinicadentalgaleno.cl\/es\/wp-json\/wp\/v2\/comments?post=132"}],"version-history":[{"count":5,"href":"https:\/\/www.clinicadentalgaleno.cl\/es\/wp-json\/wp\/v2\/posts\/132\/revisions"}],"predecessor-version":[{"id":297,"href":"https:\/\/www.clinicadentalgaleno.cl\/es\/wp-json\/wp\/v2\/posts\/132\/revisions\/297"}],"wp:featuredmedia":[{"embeddable":true,"href":"https:\/\/www.clinicadentalgaleno.cl\/es\/wp-json\/wp\/v2\/media\/781"}],"wp:attachment":[{"href":"https:\/\/www.clinicadentalgaleno.cl\/es\/wp-json\/wp\/v2\/media?parent=132"}],"wp:term":[{"taxonomy":"category","embeddable":true,"href":"https:\/\/www.clinicadentalgaleno.cl\/es\/wp-json\/wp\/v2\/categories?post=132"},{"taxonomy":"post_tag","embeddable":true,"href":"https:\/\/www.clinicadentalgaleno.cl\/es\/wp-json\/wp\/v2\/tags?post=132"}],"curies":[{"name":"wp","href":"https:\/\/api.w.org\/{rel}","templated":true}]}}